{"id":1085,"date":"2025-03-03T21:13:05","date_gmt":"2025-03-04T02:13:05","guid":{"rendered":"https:\/\/rockthehouse.net\/web\/?p=1085"},"modified":"2025-03-03T21:13:07","modified_gmt":"2025-03-04T02:13:07","slug":"angra-realiza-cambios-en-su-gira-2025-por-colombia","status":"publish","type":"post","link":"https:\/\/rockthehouse.net\/web\/angra-realiza-cambios-en-su-gira-2025-por-colombia\/","title":{"rendered":"Angra realiza cambios en su gira 2025 por Colombia"},"content":{"rendered":"\n<p><em>El concierto de Bogot\u00e1 cambia su locaci\u00f3n a Ace of Spades, mientras que en Medell\u00edn se realizar\u00e1 en The Green Club, en cali se mantiene en Praga Bar y la fecha de Manizales fue cancelada<\/em>. <\/p>\n\n\n\n<p>Todav\u00eda se encuentra boleter\u00eda ya est\u00e1 disponible a trav\u00e9s de <strong><a href=\"http:\/\/www.blackline-tickets.com\">www.blackline-tickets.com<\/a><\/strong>. Los fan\u00e1ticos podr\u00e1n disfrutar de la interpretaci\u00f3n completa de \u00ab<strong>Temple of Shadows<\/strong>\u00ab, con temas ic\u00f3nicos como \u00ab<strong>Spread Your Fire<\/strong>\u00ab, \u00ab<strong>Angels and Demons<\/strong>\u00bb y \u00ab<strong>Waiting Silence<\/strong>\u00ab, adem\u00e1s de un set especial con cl\u00e1sicos de la banda como \u00ab<strong>Rebirth<\/strong>\u00bb y \u00ab<strong>Nova Era<\/strong>\u00ab.<\/p>\n\n\n\n<p>Este tour conmemora los 20 a\u00f1os de su aclamado \u00e1lbum \u00ab<strong>Temple of Shadows<\/strong>\u00ab, una obra conceptual que consolid\u00f3 a Angra en la cima del metal mundial gracias a su combinaci\u00f3n de virtuosismo t\u00e9cnico, elementos progresivos y ra\u00edces brasile\u00f1as. La gira incluye una serie de conciertos en Am\u00e9rica Latina, con paradas hasta el momento en Argentina, Chile, Brasil y Uruguay, reforzando el estrecho v\u00ednculo de la banda con sus seguidores latinoamericanos.<\/p>\n\n\n\n<p>Las fechas de Colombia son las siguientes:<\/p>\n\n\n\n<ul class=\"wp-block-list\">\n<li><strong>Bogot\u00e1:<\/strong> Mi\u00e9rcoles 6 de marzo \u2013 Ace of Spades<\/li>\n\n\n\n<li><strong>Cali:<\/strong> Viernes 7 de marzo \u2013 Praga Bar (Calle 10 # 36 &#8211; 110 Km 1 Menga), presentado por <strong>Cruzada de Fuego<\/strong><\/li>\n\n\n\n<li><strong>Medell\u00edn:<\/strong> Domingo 9 de marzo &#8211; The Green Club<\/li>\n<\/ul>\n\n\n\n<p><\/p>\n\n\n\n<p>La gira ha sido un \u00e9xito en Europa y ha recibido elogios tanto por la interpretaci\u00f3n impecable de la banda como por la producci\u00f3n visual y sonora. Durante una entrevista reciente, <strong>Fabio Lione<\/strong>, vocalista de Angra, declar\u00f3: <em>\u00abEste tour es un homenaje a nuestros fans y a un \u00e1lbum que defini\u00f3 nuestra carrera. Sabemos que en Colombia la energ\u00eda ser\u00e1 inigualable.\u00bb<\/em><\/p>\n\n\n\n<p>Los seguidores del power metal en Colombia y toda Am\u00e9rica Latina se preparan para vivir una experiencia inolvidable con Angra, quienes siguen demostrando que, tras m\u00e1s de tres d\u00e9cadas de trayectoria, su legado sigue siendo tan relevante y poderoso como siempre.<\/p>\n\n\n\n<figure class=\"wp-block-image size-full\"><img loading=\"lazy\" decoding=\"async\" width=\"1920\" height=\"800\" src=\"https:\/\/rockthehouse.net\/web\/wp-content\/uploads\/2025\/03\/angra_collage.png\" alt=\"\" class=\"wp-image-1092\" srcset=\"https:\/\/rockthehouse.net\/web\/wp-content\/uploads\/2025\/03\/angra_collage.png 1920w, https:\/\/rockthehouse.net\/web\/wp-content\/uploads\/2025\/03\/angra_collage-400x167.png 400w, https:\/\/rockthehouse.net\/web\/wp-content\/uploads\/2025\/03\/angra_collage-80x33.png 80w, https:\/\/rockthehouse.net\/web\/wp-content\/uploads\/2025\/03\/angra_collage-768x320.png 768w, https:\/\/rockthehouse.net\/web\/wp-content\/uploads\/2025\/03\/angra_collage-1536x640.png 1536w, https:\/\/rockthehouse.net\/web\/wp-content\/uploads\/2025\/03\/angra_collage-1080x450.png 1080w, https:\/\/rockthehouse.net\/web\/wp-content\/uploads\/2025\/03\/angra_collage-600x250.png 600w\" sizes=\"(max-width: 1920px) 100vw, 1920px\" \/><\/figure>\n","protected":false},"excerpt":{"rendered":"<p>El concierto de Bogot\u00e1 cambia su locaci\u00f3n a Ace of Spades, mientras que en Medell\u00edn se realizar\u00e1 en The Green Club, en cali se mantiene en Praga Bar y la fecha de Manizales fue cancelada. Todav\u00eda se encuentra boleter\u00eda ya est\u00e1 disponible a trav\u00e9s de www.blackline-tickets.com. Los fan\u00e1ticos podr\u00e1n disfrutar de la interpretaci\u00f3n completa de [&hellip;]<\/p>\n","protected":false},"author":2,"featured_media":1091,"comment_status":"open","ping_status":"open","sticky":false,"template":"","format":"standard","meta":{"_et_pb_use_builder":"off","_et_pb_old_content":"<!-- wp:paragraph -->\n<p><em>La banda brasile\u00f1a de power metal progresivo visitar\u00e1 Colombia en marzo de 2025 como parte de su gira \"Temple of Shadows 20th Anniversary Tour\", con fechas confirmadas en Bogot\u00e1, Cali, Manizales y Medell\u00edn.<\/em><\/p>\n<!-- \/wp:paragraph -->\n\n<!-- wp:paragraph -->\n<p>Este tour conmemora los 20 a\u00f1os de su aclamado \u00e1lbum \"<strong>Temple of Shadows<\/strong>\", una obra conceptual que consolid\u00f3 a Angra en la cima del metal mundial gracias a su combinaci\u00f3n de virtuosismo t\u00e9cnico, elementos progresivos y ra\u00edces brasile\u00f1as. La gira incluye una serie de conciertos en Am\u00e9rica Latina, con paradas hasta el momento en  Argentina, Chile, Brasil y Uruguay, reforzando el estrecho v\u00ednculo de la banda con sus seguidores latinoamericanos.<\/p>\n<!-- \/wp:paragraph -->\n\n<!-- wp:paragraph -->\n<p>Las fechas de Colombia son las siguientes:<\/p>\n<!-- \/wp:paragraph -->\n\n<!-- wp:list -->\n<ul class=\"wp-block-list\"><!-- wp:list-item -->\n<li><strong>Bogot\u00e1:<\/strong> Mi\u00e9rcoles 6 de marzo \u2013 Astor Plaza<\/li>\n<!-- \/wp:list-item -->\n\n<!-- wp:list-item -->\n<li><strong>Cali:<\/strong> Viernes 7 de marzo \u2013 Praga Bar (Calle 10 # 36 - 110 Km 1 Menga), presentado por <strong>Cruzada de Fuego<\/strong><\/li>\n<!-- \/wp:list-item -->\n\n<!-- wp:list-item -->\n<li><strong>Manizales:<\/strong> S\u00e1bado 8 de marzo - Teatro Fundadores<\/li>\n<!-- \/wp:list-item -->\n\n<!-- wp:list-item -->\n<li><strong>Medell\u00edn:<\/strong> Domingo 9 de marzo - Teatro Pablo Tob\u00f3n<\/li>\n<!-- \/wp:list-item --><\/ul>\n<!-- \/wp:list -->\n\n<!-- wp:paragraph -->\n<p><\/p>\n<!-- \/wp:paragraph -->\n\n<!-- wp:paragraph -->\n<p>La boleter\u00eda ya est\u00e1 disponible a trav\u00e9s de <strong><a href=\"http:\/\/www.blackline-tickets.com\">www.blackline-tickets.com<\/a><\/strong>, y se espera un lleno total en cada ciudad. Los fan\u00e1ticos podr\u00e1n disfrutar de la interpretaci\u00f3n completa de \"<strong>Temple of Shadows<\/strong>\", con temas ic\u00f3nicos como \"<strong>Spread Your Fire<\/strong>\", \"<strong>Angels and Demons<\/strong>\" y \"<strong>Waiting Silence<\/strong>\", adem\u00e1s de un set especial con cl\u00e1sicos de la banda como \"<strong>Rebirth<\/strong>\" y \"<strong>Nova Era<\/strong>\".<\/p>\n<!-- \/wp:paragraph -->\n\n<!-- wp:paragraph -->\n<p>La gira ha sido un \u00e9xito en Europa y ha recibido elogios tanto por la interpretaci\u00f3n impecable de la banda como por la producci\u00f3n visual y sonora. Durante una entrevista reciente, <strong>Fabio Lione<\/strong>, vocalista de Angra, declar\u00f3: <em>\"Este tour es un homenaje a nuestros fans y a un \u00e1lbum que defini\u00f3 nuestra carrera. Sabemos que en Colombia la energ\u00eda ser\u00e1 inigualable.\"<\/em><\/p>\n<!-- \/wp:paragraph -->\n\n<!-- wp:paragraph -->\n<p>Los seguidores del power metal en Colombia y toda Am\u00e9rica Latina se preparan para vivir una experiencia inolvidable con Angra, quienes siguen demostrando que, tras m\u00e1s de tres d\u00e9cadas de trayectoria, su legado sigue siendo tan relevante y poderoso como siempre.<\/p>\n<!-- \/wp:paragraph -->\n\n<!-- wp:image {\"id\":894,\"sizeSlug\":\"large\",\"linkDestination\":\"none\"} -->\n<figure class=\"wp-block-image size-large\"><img src=\"https:\/\/rockthehouse.net\/web\/wp-content\/uploads\/2025\/01\/AngraColombia-1080x1080.webp\" alt=\"\" class=\"wp-image-894\"\/><\/figure>\n<!-- \/wp:image -->","_et_gb_content_width":"","_jetpack_memberships_contains_paid_content":false,"footnotes":""},"categories":[15,3],"tags":[],"class_list":["post-1085","post","type-post","status-publish","format-standard","has-post-thumbnail","hentry","category-eventos","category-noticias","et-has-post-format-content","et_post_format-et-post-format-standard"],"jetpack_featured_media_url":"https:\/\/rockthehouse.net\/web\/wp-content\/uploads\/2025\/03\/ANGRA_2023_Henrique-Grandi-35-scaled-1.webp","jetpack_sharing_enabled":true,"_links":{"self":[{"href":"https:\/\/rockthehouse.net\/web\/wp-json\/wp\/v2\/posts\/1085","targetHints":{"allow":["GET"]}}],"collection":[{"href":"https:\/\/rockthehouse.net\/web\/wp-json\/wp\/v2\/posts"}],"about":[{"href":"https:\/\/rockthehouse.net\/web\/wp-json\/wp\/v2\/types\/post"}],"author":[{"embeddable":true,"href":"https:\/\/rockthehouse.net\/web\/wp-json\/wp\/v2\/users\/2"}],"replies":[{"embeddable":true,"href":"https:\/\/rockthehouse.net\/web\/wp-json\/wp\/v2\/comments?post=1085"}],"version-history":[{"count":2,"href":"https:\/\/rockthehouse.net\/web\/wp-json\/wp\/v2\/posts\/1085\/revisions"}],"predecessor-version":[{"id":1093,"href":"https:\/\/rockthehouse.net\/web\/wp-json\/wp\/v2\/posts\/1085\/revisions\/1093"}],"wp:featuredmedia":[{"embeddable":true,"href":"https:\/\/rockthehouse.net\/web\/wp-json\/wp\/v2\/media\/1091"}],"wp:attachment":[{"href":"https:\/\/rockthehouse.net\/web\/wp-json\/wp\/v2\/media?parent=1085"}],"wp:term":[{"taxonomy":"category","embeddable":true,"href":"https:\/\/rockthehouse.net\/web\/wp-json\/wp\/v2\/categories?post=1085"},{"taxonomy":"post_tag","embeddable":true,"href":"https:\/\/rockthehouse.net\/web\/wp-json\/wp\/v2\/tags?post=1085"}],"curies":[{"name":"wp","href":"https:\/\/api.w.org\/{rel}","templated":true}]}}