{"id":1148,"date":"2025-05-24T12:01:37","date_gmt":"2025-05-24T17:01:37","guid":{"rendered":"https:\/\/rockthehouse.net\/web\/?p=1148"},"modified":"2025-05-24T12:04:05","modified_gmt":"2025-05-24T17:04:05","slug":"alerta-de-sold-out-en-en-show-de-rata-blanca-en-bogota","status":"publish","type":"post","link":"https:\/\/rockthehouse.net\/web\/alerta-de-sold-out-en-en-show-de-rata-blanca-en-bogota\/","title":{"rendered":"Alerta de Sold Out en en Show de Rata Blanca en Bogot\u00e1"},"content":{"rendered":"\n<p style=\"font-size:18px\"><strong><em>La banda argentina celebra 35 a\u00f1os de Magos, Espadas y Rosas con una gira por Colombia<\/em><\/strong><\/p>\n\n\n\n<figure class=\"wp-block-image aligncenter size-large is-resized\"><img loading=\"lazy\" decoding=\"async\" width=\"863\" height=\"1080\" src=\"https:\/\/rockthehouse.net\/web\/wp-content\/uploads\/2025\/05\/WhatsApp-Image-2025-05-23-at-8.11.23-AM-863x1080.jpeg\" alt=\"\" class=\"wp-image-1159\" style=\"width:550px;height:auto\" srcset=\"https:\/\/rockthehouse.net\/web\/wp-content\/uploads\/2025\/05\/WhatsApp-Image-2025-05-23-at-8.11.23-AM-863x1080.jpeg 863w, https:\/\/rockthehouse.net\/web\/wp-content\/uploads\/2025\/05\/WhatsApp-Image-2025-05-23-at-8.11.23-AM-180x225.jpeg 180w, https:\/\/rockthehouse.net\/web\/wp-content\/uploads\/2025\/05\/WhatsApp-Image-2025-05-23-at-8.11.23-AM-36x45.jpeg 36w, https:\/\/rockthehouse.net\/web\/wp-content\/uploads\/2025\/05\/WhatsApp-Image-2025-05-23-at-8.11.23-AM-768x961.jpeg 768w, https:\/\/rockthehouse.net\/web\/wp-content\/uploads\/2025\/05\/WhatsApp-Image-2025-05-23-at-8.11.23-AM-1228x1536.jpeg 1228w, https:\/\/rockthehouse.net\/web\/wp-content\/uploads\/2025\/05\/WhatsApp-Image-2025-05-23-at-8.11.23-AM-1080x1351.jpeg 1080w, https:\/\/rockthehouse.net\/web\/wp-content\/uploads\/2025\/05\/WhatsApp-Image-2025-05-23-at-8.11.23-AM-600x751.jpeg 600w, https:\/\/rockthehouse.net\/web\/wp-content\/uploads\/2025\/05\/WhatsApp-Image-2025-05-23-at-8.11.23-AM.jpeg 1279w\" sizes=\"(max-width: 863px) 100vw, 863px\" \/><\/figure>\n\n\n\n<p>Rata Blanca, \u00edcono del heavy metal en espa\u00f1ol, regresa a Colombia en agosto de 2025 para conmemorar el 35\u00ba aniversario de su emblem\u00e1tico \u00e1lbum <strong><em>Magos, Espadas y Rosas.<\/em><\/strong> La gira incluye cinco conciertos en distintas ciudades del pa\u00eds, destacando el cercano sold out en Bogot\u00e1.<\/p>\n\n\n\n<p>El tour inicia el 1 de agosto en Armenia, seguido por presentaciones en Bucaramanga (2 de agosto), Cali (6 de agosto), Bogot\u00e1 (7 de agosto) e Ibagu\u00e9 (8 de agosto) . El concierto en Bogot\u00e1, programado en el Royal Center, agot\u00f3 sus entradas con semanas de anticipaci\u00f3n, reflejando la s\u00f3lida base de seguidores que la banda mantiene en la capital colombiana .<\/p>\n\n\n\n<p><em>Magos, Espadas y Rosas<\/em>, lanzado en 1990, consolid\u00f3 a Rata Blanca como una de las bandas m\u00e1s influyentes del rock en espa\u00f1ol, con temas ic\u00f3nicos como \u201cMujer Amante\u201d y \u201cLa Leyenda del Hada y el Mago\u201d. Durante esta gira, la banda interpretar\u00e1 \u00edntegramente este \u00e1lbum, adem\u00e1s de otros \u00e9xitos de su carrera.<\/p>\n\n\n\n<p>La formaci\u00f3n actual incluye a Walter Giardino en guitarra, Adri\u00e1n Barilari en voz, Danilo Moschen en teclados, Juan Pablo Massanisso en bajo y Alan Fritzler en bater\u00eda . Los organizadores recomiendan adquirir las entradas con anticipaci\u00f3n a trav\u00e9s de plataformas oficiales como mitaquilla.com.co para evitar fraudes y asegurar la asistencia a estos eventos que prometen ser memorables.<\/p>\n\n\n\n<p>\u00bfAsistir\u00e1s a alguno de estos conciertos? \u00bfCu\u00e1l es tu canci\u00f3n favorita de Rata Blanca? \u00a1Comparte tu experiencia y expectativas!<\/p>\n","protected":false},"excerpt":{"rendered":"<p>La banda argentina celebra 35 a\u00f1os de Magos, Espadas y Rosas con una gira por Colombia Rata Blanca, \u00edcono del heavy metal en espa\u00f1ol, regresa a Colombia en agosto de 2025 para conmemorar el 35\u00ba aniversario de su emblem\u00e1tico \u00e1lbum Magos, Espadas y Rosas. La gira incluye cinco conciertos en distintas ciudades del pa\u00eds, destacando [&hellip;]<\/p>\n","protected":false},"author":2,"featured_media":1157,"comment_status":"open","ping_status":"open","sticky":false,"template":"","format":"standard","meta":{"_et_pb_use_builder":"off","_et_pb_old_content":"","_et_gb_content_width":"","_jetpack_memberships_contains_paid_content":false,"footnotes":""},"categories":[3],"tags":[],"class_list":["post-1148","post","type-post","status-publish","format-standard","has-post-thumbnail","hentry","category-noticias","et-has-post-format-content","et_post_format-et-post-format-standard"],"jetpack_featured_media_url":"https:\/\/rockthehouse.net\/web\/wp-content\/uploads\/2025\/05\/rata-blanca-2024-e1710516390320.jpg","jetpack_sharing_enabled":true,"_links":{"self":[{"href":"https:\/\/rockthehouse.net\/web\/wp-json\/wp\/v2\/posts\/1148","targetHints":{"allow":["GET"]}}],"collection":[{"href":"https:\/\/rockthehouse.net\/web\/wp-json\/wp\/v2\/posts"}],"about":[{"href":"https:\/\/rockthehouse.net\/web\/wp-json\/wp\/v2\/types\/post"}],"author":[{"embeddable":true,"href":"https:\/\/rockthehouse.net\/web\/wp-json\/wp\/v2\/users\/2"}],"replies":[{"embeddable":true,"href":"https:\/\/rockthehouse.net\/web\/wp-json\/wp\/v2\/comments?post=1148"}],"version-history":[{"count":4,"href":"https:\/\/rockthehouse.net\/web\/wp-json\/wp\/v2\/posts\/1148\/revisions"}],"predecessor-version":[{"id":1162,"href":"https:\/\/rockthehouse.net\/web\/wp-json\/wp\/v2\/posts\/1148\/revisions\/1162"}],"wp:featuredmedia":[{"embeddable":true,"href":"https:\/\/rockthehouse.net\/web\/wp-json\/wp\/v2\/media\/1157"}],"wp:attachment":[{"href":"https:\/\/rockthehouse.net\/web\/wp-json\/wp\/v2\/media?parent=1148"}],"wp:term":[{"taxonomy":"category","embeddable":true,"href":"https:\/\/rockthehouse.net\/web\/wp-json\/wp\/v2\/categories?post=1148"},{"taxonomy":"post_tag","embeddable":true,"href":"https:\/\/rockthehouse.net\/web\/wp-json\/wp\/v2\/tags?post=1148"}],"curies":[{"name":"wp","href":"https:\/\/api.w.org\/{rel}","templated":true}]}}