{"id":1166,"date":"2025-02-11T13:07:00","date_gmt":"2025-02-11T18:07:00","guid":{"rendered":"https:\/\/rockthehouse.net\/web\/?p=1166"},"modified":"2025-05-24T13:26:34","modified_gmt":"2025-05-24T18:26:34","slug":"rock-al-parque-pilardelrock","status":"publish","type":"post","link":"https:\/\/rockthehouse.net\/web\/rock-al-parque-pilardelrock\/","title":{"rendered":"Rock al Parque 2025: pilar esencial del rock colombiano"},"content":{"rendered":"\n<p style=\"font-size:18px\"><em>A tres d\u00e9cadas de su creaci\u00f3n, el festival no solo celebra la m\u00fasica en vivo, sino que ha cimentado un legado como catalizador de la identidad sonora, social y cultural del pa\u00eds.<\/em><\/p>\n\n\n\n<p>La edici\u00f3n 2025 se celebrar\u00e1 del 21 al 23 de junio en el Parque Sim\u00f3n Bol\u00edvar de Bogot\u00e1, marcando un esperado regreso a su mes original tras varios a\u00f1os realiz\u00e1ndose en noviembre. Esta decisi\u00f3n busca mejorar la experiencia del p\u00fablico y optimizar los aspectos log\u00edsticos del evento.<\/p>\n\n\n\n<p>Desde su primera edici\u00f3n en 1995, Rock al Parque se ha convertido en el evento musical m\u00e1s representativo de Colombia y en un referente para Latinoam\u00e9rica. En estos 30 a\u00f1os, ha sido escenario de momentos memorables que marcaron un antes y un despu\u00e9s en la historia del rock colombiano.<\/p>\n\n\n\n<p>A continuaci\u00f3n, presentamos una cronolog\u00eda con algunos de los eventos m\u00e1s representativos que han forjado el legado de este emblem\u00e1tico encuentro cultural.<\/p>\n\n\n\n<p><strong>1995 \u2013 Primera edici\u00f3n del festival<\/strong>: Se llev\u00f3 a cabo del 26 al 29 de mayo en Bogot\u00e1, con presentaciones de bandas nacionales como Aterciopelados, La Derecha, 1280 Almas y Morfonia, y agrupaciones internacionales como Fobia (M\u00e9xico) y Seguridad Social (Espa\u00f1a).<\/p>\n\n\n\n<p><strong>1996 \u2013 Aumento de bandas nacionales<\/strong>: La segunda edici\u00f3n, realizada el 18 y 19 de mayo, cont\u00f3 con 60 bandas nacionales y la participaci\u00f3n de agrupaciones internacionales como Lucybell y Los Tetas de Chile, Aut\u00e9nticos Decadentes de Argentina, entre otros. <\/p>\n\n\n\n<p><strong>1999 \u2013 Fortalecimiento del cartel internacional<\/strong>: La edici\u00f3n de 1999 destac\u00f3 por la presencia de bandas internacionales como Caf\u00e9 Tacuba, Molotov, Julieta Venegas y Control Machete, consolidando la proyecci\u00f3n internacional del festival. <\/p>\n\n\n\n<p><strong>2004 \u2013 Celebraci\u00f3n del d\u00e9cimo aniversario<\/strong>: Con una asistencia de m\u00e1s de 400,000 personas, esta edici\u00f3n incluy\u00f3 presentaciones de artistas como Catupecu Machu, Aut\u00e9nticos Decadentes, Ely Guerra, Babas\u00f3nicos, entre otros. <\/p>\n\n\n\n<p><strong>2009 \u2013 Concierto de Kraken<\/strong>: La banda colombiana Kraken, liderada por Elkin Ram\u00edrez, se present\u00f3 en esta edici\u00f3n, celebrando 25 a\u00f1os de trayectoria musical. <\/p>\n\n\n\n<p><strong>2014 \u2013 20 a\u00f1os del festival<\/strong>: La edici\u00f3n de 2014 conmemor\u00f3 los 20 a\u00f1os de Rock al Parque, con una asistencia masiva y una programaci\u00f3n diversa que incluy\u00f3 g\u00e9neros como rock, punk, metal y reggae. <\/p>\n\n\n\n<p><strong>2022 \u2013 Retorno tras la pandemia<\/strong>: Despu\u00e9s de una pausa debido a la pandemia, el festival regres\u00f3 en 2022, realiz\u00e1ndose por primera vez durante dos fines de semana: 26 y 27 de noviembre, y 3 y 4 de diciembre. <\/p>\n\n\n\n<p><strong>2024 \u2013 Presentaciones destacadas<\/strong>: La edici\u00f3n de 2024 cont\u00f3 con la participaci\u00f3n de bandas como Hypocrisy, Austin TV y M\u00e4go de Oz, ofreciendo una programaci\u00f3n diversa y de alta calidad.<\/p>\n\n\n\n<p>Rock al Parque 2025 celebra este legado con una nueva edici\u00f3n que busca honrar su historia mientras traza el futuro del rock colombiano. Porque m\u00e1s que un festival, es una declaraci\u00f3n de principios: el arte como resistencia, y la m\u00fasica como identidad. <\/p>\n","protected":false},"excerpt":{"rendered":"<p>A tres d\u00e9cadas de su creaci\u00f3n, el festival no solo celebra la m\u00fasica en vivo, sino que ha cimentado un legado como catalizador de la identidad sonora, social y cultural del pa\u00eds. La edici\u00f3n 2025 se celebrar\u00e1 del 21 al 23 de junio en el Parque Sim\u00f3n Bol\u00edvar de Bogot\u00e1, marcando un esperado regreso a [&hellip;]<\/p>\n","protected":false},"author":2,"featured_media":1167,"comment_status":"open","ping_status":"open","sticky":false,"template":"","format":"standard","meta":{"_et_pb_use_builder":"off","_et_pb_old_content":"","_et_gb_content_width":"","_jetpack_memberships_contains_paid_content":false,"footnotes":""},"categories":[3],"tags":[],"class_list":["post-1166","post","type-post","status-publish","format-standard","has-post-thumbnail","hentry","category-noticias","et-has-post-format-content","et_post_format-et-post-format-standard"],"jetpack_featured_media_url":"https:\/\/rockthehouse.net\/web\/wp-content\/uploads\/2025\/05\/1-rock-al-parque-junio-2025.jpg","jetpack_sharing_enabled":true,"_links":{"self":[{"href":"https:\/\/rockthehouse.net\/web\/wp-json\/wp\/v2\/posts\/1166","targetHints":{"allow":["GET"]}}],"collection":[{"href":"https:\/\/rockthehouse.net\/web\/wp-json\/wp\/v2\/posts"}],"about":[{"href":"https:\/\/rockthehouse.net\/web\/wp-json\/wp\/v2\/types\/post"}],"author":[{"embeddable":true,"href":"https:\/\/rockthehouse.net\/web\/wp-json\/wp\/v2\/users\/2"}],"replies":[{"embeddable":true,"href":"https:\/\/rockthehouse.net\/web\/wp-json\/wp\/v2\/comments?post=1166"}],"version-history":[{"count":3,"href":"https:\/\/rockthehouse.net\/web\/wp-json\/wp\/v2\/posts\/1166\/revisions"}],"predecessor-version":[{"id":1172,"href":"https:\/\/rockthehouse.net\/web\/wp-json\/wp\/v2\/posts\/1166\/revisions\/1172"}],"wp:featuredmedia":[{"embeddable":true,"href":"https:\/\/rockthehouse.net\/web\/wp-json\/wp\/v2\/media\/1167"}],"wp:attachment":[{"href":"https:\/\/rockthehouse.net\/web\/wp-json\/wp\/v2\/media?parent=1166"}],"wp:term":[{"taxonomy":"category","embeddable":true,"href":"https:\/\/rockthehouse.net\/web\/wp-json\/wp\/v2\/categories?post=1166"},{"taxonomy":"post_tag","embeddable":true,"href":"https:\/\/rockthehouse.net\/web\/wp-json\/wp\/v2\/tags?post=1166"}],"curies":[{"name":"wp","href":"https:\/\/api.w.org\/{rel}","templated":true}]}}