{"id":1174,"date":"2025-06-02T13:57:13","date_gmt":"2025-06-02T18:57:13","guid":{"rendered":"https:\/\/rockthehouse.net\/web\/?p=1174"},"modified":"2025-06-02T14:05:06","modified_gmt":"2025-06-02T19:05:06","slug":"rock-al-parque-2025-cartel-internacional-dia-a-dia","status":"publish","type":"post","link":"https:\/\/rockthehouse.net\/web\/rock-al-parque-2025-cartel-internacional-dia-a-dia\/","title":{"rendered":"Rock al Parque 2025: Cartel Internacional D\u00eda a D\u00eda"},"content":{"rendered":"\n<p>Los artistas de esta edici\u00f3n del festival llegan desde Austria, Argentina, M\u00e9xico, Uruguay, Espa\u00f1a, Brasil, Canad\u00e1, Francia, Panam\u00e1 y m\u00e1s, ofreciendo una muestra vibrante del panorama sonoro global. <\/p>\n\n\n\n<p>Rock al Parque 2025 se celebrar\u00e1 del 21 al 23 de junio en el Parque Sim\u00f3n Bol\u00edvar de Bogot\u00e1, y contin\u00faa siendo uno de los eventos m\u00e1s emblem\u00e1ticos de m\u00fasica del continente. Con 56 bandas programadas \u201427 de ellas internacionales\u2014, esta edici\u00f3n promete una experiencia diversa que atraviesa g\u00e9neros como el metal extremo, el hardcore, el reggae, el ska y el indie rock. <\/p>\n\n\n\n<p>A continuaci\u00f3n, destacamos las agrupaciones internacionales m\u00e1s relevantes organizadas por d\u00eda, en lo que ser\u00e1 una descarga intensa de sonidos para todos los gustos:<\/p>\n\n\n\n<h3 class=\"wp-block-heading\"><strong>S\u00e1bado 21 de junio: metal extremo y punk latino<\/strong><\/h3>\n\n\n\n<p>La jornada inaugural estar\u00e1 dominada por potentes riffs y actitud rebelde. Encabezan el cartel los austr\u00edacos <strong>Belphegor<\/strong>, una instituci\u00f3n del black\/death metal europeo reconocida por su teatralidad y brutalidad sonora. Desde Nueva York llega <strong>Madball<\/strong>, leyenda del hardcore con tres d\u00e9cadas de trayectoria. Completan la cuota pesada los canadienses <strong>Comeback Kid<\/strong>, representantes del hardcore mel\u00f3dico, y <strong>Hirax<\/strong>, pioneros del thrash estadounidense. La jornada tambi\u00e9n incluir\u00e1 sonidos innovadores como el metal prehisp\u00e1nico de <strong>Cemican<\/strong> (M\u00e9xico), el thrash punk con mensaje social de <strong>Black Pantera<\/strong> (Brasil), el sludge punk de <strong>Bala<\/strong> (Espa\u00f1a) y el rock experimental de <strong>Descartes a Kant<\/strong> (M\u00e9xico).<\/p>\n\n\n\n<hr class=\"wp-block-separator has-alpha-channel-opacity\"\/>\n\n\n\n<h3 class=\"wp-block-heading\"><strong>Domingo 22 de junio: ska, reggae y fusi\u00f3n alternativa<\/strong><\/h3>\n\n\n\n<p>El segundo d\u00eda se ti\u00f1e de colores caribe\u00f1os y exploraciones alternativas. <strong>Los Cafres<\/strong>, una de las bandas m\u00e1s ic\u00f3nicas del reggae argentino, encabezar\u00e1n el d\u00eda con su sonido c\u00e1lido y reflexivo. Desde Panam\u00e1, <strong>Los Rabanes<\/strong> traer\u00e1n su ska punk festivo, mientras que <strong>El Gran Silencio<\/strong> (M\u00e9xico) ofrecer\u00e1 una vibrante mezcla de cumbia, rock y hip hop. Tambi\u00e9n se suman propuestas frescas como la psicodelia andaluza de <strong>Derby Motoreta\u2019s Burrito Kachimba<\/strong> (Espa\u00f1a), el post-rock instrumental de <strong>Carmen Sea<\/strong> (Francia), y las voces emergentes de <strong>Silvestre y La Naranja<\/strong> (Argentina) y <strong>Animales Ex\u00f3ticos Desamparados<\/strong> (Chile).<\/p>\n\n\n\n<hr class=\"wp-block-separator has-alpha-channel-opacity\"\/>\n\n\n\n<h3 class=\"wp-block-heading\"><strong>Lunes 23 de junio: cierre con rock alternativo y sonidos latinoamericanos<\/strong><\/h3>\n\n\n\n<p>El broche final vendr\u00e1 marcado por la l\u00edrica afilada y la introspecci\u00f3n sonora. Los uruguayos <strong>El Cuarteto de Nos<\/strong>, con su estilo ecl\u00e9ctico y letras agudas, lideran el cierre. Desde Argentina, el indie rock melanc\u00f3lico de <strong>\u00c9l Mat\u00f3 a un Polic\u00eda Motorizado<\/strong> promete una experiencia envolvente. <strong>Allison<\/strong> y <strong>Desierto Drive<\/strong>, ambos de M\u00e9xico, aportar\u00e1n la energ\u00eda del pop punk y el rock alternativo, mientras que <strong>Viniloversus<\/strong> (Venezuela) y <strong>Hermana Furia<\/strong> (Espa\u00f1a) redondean la oferta con propuestas modernas y potentes.<\/p>\n\n\n\n<hr class=\"wp-block-separator has-alpha-channel-opacity\"\/>\n\n\n\n<figure class=\"wp-block-image size-full\"><img loading=\"lazy\" decoding=\"async\" width=\"1920\" height=\"800\" src=\"https:\/\/rockthehouse.net\/web\/wp-content\/uploads\/2025\/06\/Cartel_RockalParque-2025.png\" alt=\"\" class=\"wp-image-1178\" srcset=\"https:\/\/rockthehouse.net\/web\/wp-content\/uploads\/2025\/06\/Cartel_RockalParque-2025.png 1920w, https:\/\/rockthehouse.net\/web\/wp-content\/uploads\/2025\/06\/Cartel_RockalParque-2025-400x167.png 400w, https:\/\/rockthehouse.net\/web\/wp-content\/uploads\/2025\/06\/Cartel_RockalParque-2025-80x33.png 80w, https:\/\/rockthehouse.net\/web\/wp-content\/uploads\/2025\/06\/Cartel_RockalParque-2025-768x320.png 768w, https:\/\/rockthehouse.net\/web\/wp-content\/uploads\/2025\/06\/Cartel_RockalParque-2025-1536x640.png 1536w, https:\/\/rockthehouse.net\/web\/wp-content\/uploads\/2025\/06\/Cartel_RockalParque-2025-1080x450.png 1080w, https:\/\/rockthehouse.net\/web\/wp-content\/uploads\/2025\/06\/Cartel_RockalParque-2025-600x250.png 600w\" sizes=\"(max-width: 1920px) 100vw, 1920px\" \/><\/figure>\n\n\n\n<p>Rock al Parque 2025 confirma una edici\u00f3n con esp\u00edritu internacional, sin perder la esencia que lo ha consolidado como referente del circuito iberoamericano. La entrada es libre, y cada d\u00eda arrancar\u00e1 desde las 2:00 p.m. Una cita imperdible para vivir la diversidad del rock en su m\u00e1xima expresi\u00f3n.<\/p>\n\n\n\n<p><\/p>\n","protected":false},"excerpt":{"rendered":"<p>Los artistas de esta edici\u00f3n del festival llegan desde Austria, Argentina, M\u00e9xico, Uruguay, Espa\u00f1a, Brasil, Canad\u00e1, Francia, Panam\u00e1 y m\u00e1s, ofreciendo una muestra vibrante del panorama sonoro global. Rock al Parque 2025 se celebrar\u00e1 del 21 al 23 de junio en el Parque Sim\u00f3n Bol\u00edvar de Bogot\u00e1, y contin\u00faa siendo uno de los eventos m\u00e1s [&hellip;]<\/p>\n","protected":false},"author":2,"featured_media":1181,"comment_status":"open","ping_status":"open","sticky":false,"template":"","format":"standard","meta":{"_et_pb_use_builder":"off","_et_pb_old_content":"","_et_gb_content_width":"","_jetpack_memberships_contains_paid_content":false,"footnotes":""},"categories":[15,3],"tags":[],"class_list":["post-1174","post","type-post","status-publish","format-standard","has-post-thumbnail","hentry","category-eventos","category-noticias","et-has-post-format-content","et_post_format-et-post-format-standard"],"jetpack_featured_media_url":"https:\/\/rockthehouse.net\/web\/wp-content\/uploads\/2025\/06\/Cartel_RockalParque-2025-v3.png","jetpack_sharing_enabled":true,"_links":{"self":[{"href":"https:\/\/rockthehouse.net\/web\/wp-json\/wp\/v2\/posts\/1174","targetHints":{"allow":["GET"]}}],"collection":[{"href":"https:\/\/rockthehouse.net\/web\/wp-json\/wp\/v2\/posts"}],"about":[{"href":"https:\/\/rockthehouse.net\/web\/wp-json\/wp\/v2\/types\/post"}],"author":[{"embeddable":true,"href":"https:\/\/rockthehouse.net\/web\/wp-json\/wp\/v2\/users\/2"}],"replies":[{"embeddable":true,"href":"https:\/\/rockthehouse.net\/web\/wp-json\/wp\/v2\/comments?post=1174"}],"version-history":[{"count":2,"href":"https:\/\/rockthehouse.net\/web\/wp-json\/wp\/v2\/posts\/1174\/revisions"}],"predecessor-version":[{"id":1179,"href":"https:\/\/rockthehouse.net\/web\/wp-json\/wp\/v2\/posts\/1174\/revisions\/1179"}],"wp:featuredmedia":[{"embeddable":true,"href":"https:\/\/rockthehouse.net\/web\/wp-json\/wp\/v2\/media\/1181"}],"wp:attachment":[{"href":"https:\/\/rockthehouse.net\/web\/wp-json\/wp\/v2\/media?parent=1174"}],"wp:term":[{"taxonomy":"category","embeddable":true,"href":"https:\/\/rockthehouse.net\/web\/wp-json\/wp\/v2\/categories?post=1174"},{"taxonomy":"post_tag","embeddable":true,"href":"https:\/\/rockthehouse.net\/web\/wp-json\/wp\/v2\/tags?post=1174"}],"curies":[{"name":"wp","href":"https:\/\/api.w.org\/{rel}","templated":true}]}}