{"id":396,"date":"2024-05-21T21:39:17","date_gmt":"2024-05-21T21:39:17","guid":{"rendered":"https:\/\/rockthehouse.net\/web\/?p=396"},"modified":"2024-05-22T01:13:54","modified_gmt":"2024-05-22T01:13:54","slug":"marilyn-manson-anuncia-su-regreso-a-la-escena-musical","status":"publish","type":"post","link":"https:\/\/rockthehouse.net\/web\/marilyn-manson-anuncia-su-regreso-a-la-escena-musical\/","title":{"rendered":"Marilyn Manson Anuncia su Regreso a la Escena Musical"},"content":{"rendered":"\n<p>Marilyn Manson est\u00e1 de vuelta en la escena musical despu\u00e9s de un periodo de ausencia marcado por acusaciones y problemas legales. El artista ha lanzado un teaser de su nueva canci\u00f3n, anunciando su regreso a los escenarios y generando grandes expectativas entre sus seguidores.<\/p>\n\n\n\n<p>El teaser, compartido en sus redes sociales, muestra un breve clip musical dirigido por Bill Yukich, lo que sugiere una colaboraci\u00f3n con Nuclear Blast Records para su pr\u00f3ximo lanzamiento. Este ser\u00e1 su primer material desde el \u00e1lbum \u00abWe Are Chaos\u00bb de 2020, que sali\u00f3 poco antes de que las acusaciones en su contra se hicieran p\u00fablicas\u200b&nbsp;<\/p>\n\n\n\n<p>Manson, que ha mantenido un perfil bajo desde 2021, tambi\u00e9n anunci\u00f3 su participaci\u00f3n en la gira de Five Finger Death Punch este verano, marcando su primera gira desde 2019. Adem\u00e1s, realizar\u00e1 una serie de conciertos como cabeza de cartel con el apoyo de The Funeral Portrait\u200b&nbsp;<\/p>\n\n\n\n<p>En una entrevista reciente, Manson describi\u00f3 su pr\u00f3ximo \u00e1lbum como un \u00abestudio del horror\u00bb en su mente, con un enfoque dram\u00e1tico y narrativo. El productor Shooter Jennings, quien trabaj\u00f3 estrechamente con Manson en este proyecto, ha calificado el \u00e1lbum como una \u00abobra maestra\u00bb y est\u00e1 previsto que se lance pronto\u200b.<\/p>\n\n\n\n<p>Con su regreso, los fans esperan no solo nuevas m\u00fasicas, sino tambi\u00e9n la inigualable presencia esc\u00e9nica de Manson que ha definido su carrera. Mantente al tanto de m\u00e1s novedades y fechas de la gira a trav\u00e9s de sus redes sociales y sitios oficiales.<\/p>\n\n\n\n<p><\/p>\n\n\n\n<figure class=\"wp-block-embed is-type-video is-provider-youtube wp-block-embed-youtube wp-embed-aspect-16-9 wp-has-aspect-ratio\"><div class=\"wp-block-embed__wrapper\">\n<iframe loading=\"lazy\" title=\"NB x MM\" width=\"1080\" height=\"608\" src=\"https:\/\/www.youtube.com\/embed\/NLhso762NI8?feature=oembed\" frameborder=\"0\" allow=\"accelerometer; autoplay; clipboard-write; encrypted-media; gyroscope; picture-in-picture; web-share\" referrerpolicy=\"strict-origin-when-cross-origin\" allowfullscreen><\/iframe>\n<\/div><\/figure>\n","protected":false},"excerpt":{"rendered":"<p>El pol\u00e9mico artista regresa con un teaser de su nueva canci\u00f3n y anuncia su primer tour desde 2019.<\/p>\n","protected":false},"author":3,"featured_media":404,"comment_status":"open","ping_status":"open","sticky":false,"template":"","format":"standard","meta":{"_et_pb_use_builder":"off","_et_pb_old_content":"<!-- wp:paragraph -->\n<p>Marilyn Manson est\u00e1 de vuelta en la escena musical despu\u00e9s de un periodo de ausencia marcado por acusaciones y problemas legales. El artista ha lanzado un teaser de su nueva canci\u00f3n, anunciando su regreso a los escenarios y generando grandes expectativas entre sus seguidores.<\/p>\n<!-- \/wp:paragraph -->\n\n<!-- wp:paragraph -->\n<p>El teaser, compartido en sus redes sociales, muestra un breve clip musical dirigido por Bill Yukich, lo que sugiere una colaboraci\u00f3n con Nuclear Blast Records para su pr\u00f3ximo lanzamiento. Este ser\u00e1 su primer material desde el \u00e1lbum \"We Are Chaos\" de 2020, que sali\u00f3 poco antes de que las acusaciones en su contra se hicieran p\u00fablicas\u200b&nbsp;<\/p>\n<!-- \/wp:paragraph -->\n\n<!-- wp:paragraph -->\n<p>Manson, que ha mantenido un perfil bajo desde 2021, tambi\u00e9n anunci\u00f3 su participaci\u00f3n en la gira de Five Finger Death Punch este verano, marcando su primera gira desde 2019. Adem\u00e1s, realizar\u00e1 una serie de conciertos como cabeza de cartel con el apoyo de The Funeral Portrait\u200b&nbsp;<\/p>\n<!-- \/wp:paragraph -->\n\n<!-- wp:paragraph -->\n<p>En una entrevista reciente, Manson describi\u00f3 su pr\u00f3ximo \u00e1lbum como un \"estudio del horror\" en su mente, con un enfoque dram\u00e1tico y narrativo. El productor Shooter Jennings, quien trabaj\u00f3 estrechamente con Manson en este proyecto, ha calificado el \u00e1lbum como una \"obra maestra\" y est\u00e1 previsto que se lance pronto\u200b.<\/p>\n<!-- \/wp:paragraph -->\n\n<!-- wp:paragraph -->\n<p>Con su regreso, los fans esperan no solo nuevas m\u00fasicas, sino tambi\u00e9n la inigualable presencia esc\u00e9nica de Manson que ha definido su carrera. Mantente al tanto de m\u00e1s novedades y fechas de la gira a trav\u00e9s de sus redes sociales y sitios oficiales.<\/p>\n<!-- \/wp:paragraph -->\n\n<!-- wp:paragraph -->\n<p><\/p>\n<!-- \/wp:paragraph -->\n\n<!-- wp:embed {\"url\":\"https:\/\/www.youtube.com\/watch?v=NLhso762NI8\",\"type\":\"video\",\"providerNameSlug\":\"youtube\",\"responsive\":true,\"className\":\"wp-embed-aspect-16-9 wp-has-aspect-ratio\"} -->\n<figure class=\"wp-block-embed is-type-video is-provider-youtube wp-block-embed-youtube wp-embed-aspect-16-9 wp-has-aspect-ratio\"><div class=\"wp-block-embed__wrapper\">\nhttps:\/\/www.youtube.com\/watch?v=NLhso762NI8\n<\/div><\/figure>\n<!-- \/wp:embed -->","_et_gb_content_width":"","_jetpack_memberships_contains_paid_content":false,"footnotes":""},"categories":[3],"tags":[],"class_list":["post-396","post","type-post","status-publish","format-standard","has-post-thumbnail","hentry","category-noticias","et-has-post-format-content","et_post_format-et-post-format-standard"],"jetpack_featured_media_url":"https:\/\/rockthehouse.net\/web\/wp-content\/uploads\/2024\/05\/Manson.jpg","jetpack_sharing_enabled":true,"_links":{"self":[{"href":"https:\/\/rockthehouse.net\/web\/wp-json\/wp\/v2\/posts\/396","targetHints":{"allow":["GET"]}}],"collection":[{"href":"https:\/\/rockthehouse.net\/web\/wp-json\/wp\/v2\/posts"}],"about":[{"href":"https:\/\/rockthehouse.net\/web\/wp-json\/wp\/v2\/types\/post"}],"author":[{"embeddable":true,"href":"https:\/\/rockthehouse.net\/web\/wp-json\/wp\/v2\/users\/3"}],"replies":[{"embeddable":true,"href":"https:\/\/rockthehouse.net\/web\/wp-json\/wp\/v2\/comments?post=396"}],"version-history":[{"count":3,"href":"https:\/\/rockthehouse.net\/web\/wp-json\/wp\/v2\/posts\/396\/revisions"}],"predecessor-version":[{"id":406,"href":"https:\/\/rockthehouse.net\/web\/wp-json\/wp\/v2\/posts\/396\/revisions\/406"}],"wp:featuredmedia":[{"embeddable":true,"href":"https:\/\/rockthehouse.net\/web\/wp-json\/wp\/v2\/media\/404"}],"wp:attachment":[{"href":"https:\/\/rockthehouse.net\/web\/wp-json\/wp\/v2\/media?parent=396"}],"wp:term":[{"taxonomy":"category","embeddable":true,"href":"https:\/\/rockthehouse.net\/web\/wp-json\/wp\/v2\/categories?post=396"},{"taxonomy":"post_tag","embeddable":true,"href":"https:\/\/rockthehouse.net\/web\/wp-json\/wp\/v2\/tags?post=396"}],"curies":[{"name":"wp","href":"https:\/\/api.w.org\/{rel}","templated":true}]}}