{"id":502,"date":"2024-07-04T16:13:54","date_gmt":"2024-07-04T21:13:54","guid":{"rendered":"https:\/\/rockthehouse.net\/web\/?p=502"},"modified":"2024-07-25T22:09:11","modified_gmt":"2024-07-26T03:09:11","slug":"amon-amarth-anuncia-gira-por-america-latina","status":"publish","type":"post","link":"https:\/\/rockthehouse.net\/web\/amon-amarth-anuncia-gira-por-america-latina\/","title":{"rendered":"Amon Amarth Anuncia Gira por Am\u00e9rica Latina"},"content":{"rendered":"\n<p><em>La banda sueca de death metal mel\u00f3dico Amon Amarth ha confirmado su pr\u00f3xima gira por Am\u00e9rica Latina, donde presentar\u00e1n su \u00faltimo \u00e1lbum \u00abThe Great Heathen Army\u00bb. Las fechas incluyen conciertos en M\u00e9xico, Argentina, Brasil y otros pa\u00edses.<\/em><\/p>\n\n\n\n<p>Amon Amarth, una de las bandas m\u00e1s influyentes del death metal mel\u00f3dico, ha anunciado una emocionante gira por Am\u00e9rica Latina. Los fan\u00e1ticos de la regi\u00f3n podr\u00e1n disfrutar de su poderosa m\u00fasica en vivo a partir de octubre de 2024. Este anuncio ha generado gran expectativa, ya que la banda no ha visitado esta parte del mundo desde su \u00faltima gira en 2019.<\/p>\n\n\n\n<p>La banda, formada en 1992 en Suecia, es conocida por sus letras inspiradas en la mitolog\u00eda vikinga y su sonido caracter\u00edstico. Su \u00e1lbum, \u00abThe Great Heathen Army\u00bb, lanzado en 2022, ha recibido elogios de la cr\u00edtica y del p\u00fablico por su intensidad y calidad musical. Este trabajo discogr\u00e1fico reafirma su posici\u00f3n como l\u00edderes del g\u00e9nero y promete ser el eje central de su repertorio en esta gira.<\/p>\n\n\n\n<p>La gira por Am\u00e9rica Latina incluir\u00e1 las siguientes fechas confirmadas:<\/p>\n\n\n\n<ul class=\"wp-block-list\">\n<li>22 de octubre &#8211; Bogot\u00e1, Colombia &#8211; Royal Center<\/li>\n\n\n\n<li>24 de octubre &#8211; Quito, Ecuador &#8211; El Telef\u00e9rico<\/li>\n\n\n\n<li>28 de octubre &#8211; Montevideo, Uruguay &#8211; Montevideo Music Box<\/li>\n\n\n\n<li>30 de octubre &#8211; La Paz, Bolivia &#8211; Parque De Las Culturas<\/li>\n\n\n\n<li>4 de noviembre &#8211; San Jos\u00e9, Costa Rica &#8211; Peppers Club<\/li>\n\n\n\n<li>6 de noviembre &#8211; Ciudad de M\u00e9xico, M\u00e9xico &#8211; Arena CDMX<\/li>\n<\/ul>\n\n\n\n<p>Con esta gira, Amon Amarth busca consolidar a\u00fan m\u00e1s su conexi\u00f3n con el p\u00fablico latinoamericano, llevando su energ\u00eda y espect\u00e1culo a nuevos territorios. La banda est\u00e1 emocionada por compartir su m\u00fasica con una audiencia que ha demostrado ser apasionada y leal, prometiendo una serie de conciertos inolvidables que celebrar\u00e1n su legado y su nuevo material\u200b.<\/p>\n","protected":false},"excerpt":{"rendered":"<p>La banda sueca de death metal mel\u00f3dico Amon Amarth ha confirmado su pr\u00f3xima gira por Am\u00e9rica Latina, donde presentar\u00e1n su \u00faltimo \u00e1lbum \u00abThe Great Heathen Army\u00bb. Las fechas incluyen conciertos en M\u00e9xico, Argentina, Brasil y otros pa\u00edses. Amon Amarth, una de las bandas m\u00e1s influyentes del death metal mel\u00f3dico, ha anunciado una emocionante gira por [&hellip;]<\/p>\n","protected":false},"author":3,"featured_media":503,"comment_status":"open","ping_status":"open","sticky":false,"template":"","format":"standard","meta":{"_et_pb_use_builder":"off","_et_pb_old_content":"","_et_gb_content_width":"","_jetpack_memberships_contains_paid_content":false,"footnotes":""},"categories":[3],"tags":[],"class_list":["post-502","post","type-post","status-publish","format-standard","has-post-thumbnail","hentry","category-noticias","et-has-post-format-content","et_post_format-et-post-format-standard"],"jetpack_featured_media_url":"https:\/\/rockthehouse.net\/web\/wp-content\/uploads\/2024\/07\/Amon-Amarth-destacada.webp","jetpack_sharing_enabled":true,"_links":{"self":[{"href":"https:\/\/rockthehouse.net\/web\/wp-json\/wp\/v2\/posts\/502","targetHints":{"allow":["GET"]}}],"collection":[{"href":"https:\/\/rockthehouse.net\/web\/wp-json\/wp\/v2\/posts"}],"about":[{"href":"https:\/\/rockthehouse.net\/web\/wp-json\/wp\/v2\/types\/post"}],"author":[{"embeddable":true,"href":"https:\/\/rockthehouse.net\/web\/wp-json\/wp\/v2\/users\/3"}],"replies":[{"embeddable":true,"href":"https:\/\/rockthehouse.net\/web\/wp-json\/wp\/v2\/comments?post=502"}],"version-history":[{"count":1,"href":"https:\/\/rockthehouse.net\/web\/wp-json\/wp\/v2\/posts\/502\/revisions"}],"predecessor-version":[{"id":504,"href":"https:\/\/rockthehouse.net\/web\/wp-json\/wp\/v2\/posts\/502\/revisions\/504"}],"wp:featuredmedia":[{"embeddable":true,"href":"https:\/\/rockthehouse.net\/web\/wp-json\/wp\/v2\/media\/503"}],"wp:attachment":[{"href":"https:\/\/rockthehouse.net\/web\/wp-json\/wp\/v2\/media?parent=502"}],"wp:term":[{"taxonomy":"category","embeddable":true,"href":"https:\/\/rockthehouse.net\/web\/wp-json\/wp\/v2\/categories?post=502"},{"taxonomy":"post_tag","embeddable":true,"href":"https:\/\/rockthehouse.net\/web\/wp-json\/wp\/v2\/tags?post=502"}],"curies":[{"name":"wp","href":"https:\/\/api.w.org\/{rel}","templated":true}]}}