{"id":867,"date":"2025-01-10T13:06:22","date_gmt":"2025-01-10T18:06:22","guid":{"rendered":"https:\/\/rockthehouse.net\/web\/?p=867"},"modified":"2025-01-10T13:06:25","modified_gmt":"2025-01-10T18:06:25","slug":"cradle-of-filth-y-ed-sheeran-por-fin-juntos","status":"publish","type":"post","link":"https:\/\/rockthehouse.net\/web\/cradle-of-filth-y-ed-sheeran-por-fin-juntos\/","title":{"rendered":"Cradle of Filth y Ed Sheeran por fin juntos"},"content":{"rendered":"\n<p style=\"font-size:17px\"><em>La banda de metal confirm\u00f3 la inclusi\u00f3n de la tan esperada canci\u00f3n en colaboraci\u00f3n con el cantante brit\u00e1nico en su nuevo trabajo discogr\u00e1fico.<\/em><\/p>\n\n\n\n<p>Desde 2021, la posibilidad de una colaboraci\u00f3n entre Cradle of Filth y Ed Sheeran ha captado la atenci\u00f3n de fan\u00e1ticos y medios. Ese a\u00f1o, Sheeran expres\u00f3 su inter\u00e9s en el metal extremo, mencionando a bandas como Cradle of Filth y Slipknot entre sus influencias juveniles.<br>En agosto de 2022, Dani Filth, l\u00edder de Cradle of Filth, confirm\u00f3 que hab\u00edan estado trabajando en una canci\u00f3n conjunta. Sin embargo, el proyecto enfrent\u00f3 retrasos debido a la agenda de Sheeran y al nacimiento de su hijo. A pesar de estos contratiempos, ambos artistas mantuvieron el compromiso de finalizar la colaboraci\u00f3n.<\/p>\n\n\n\n<figure class=\"wp-block-image size-full\"><img loading=\"lazy\" decoding=\"async\" width=\"1200\" height=\"906\" src=\"https:\/\/rockthehouse.net\/web\/wp-content\/uploads\/2025\/01\/ed-sheeran-cradle-of-filth-2022.webp\" alt=\"\" class=\"wp-image-868\" srcset=\"https:\/\/rockthehouse.net\/web\/wp-content\/uploads\/2025\/01\/ed-sheeran-cradle-of-filth-2022.webp 1200w, https:\/\/rockthehouse.net\/web\/wp-content\/uploads\/2025\/01\/ed-sheeran-cradle-of-filth-2022-298x225.webp 298w, https:\/\/rockthehouse.net\/web\/wp-content\/uploads\/2025\/01\/ed-sheeran-cradle-of-filth-2022-60x45.webp 60w, https:\/\/rockthehouse.net\/web\/wp-content\/uploads\/2025\/01\/ed-sheeran-cradle-of-filth-2022-768x580.webp 768w, https:\/\/rockthehouse.net\/web\/wp-content\/uploads\/2025\/01\/ed-sheeran-cradle-of-filth-2022-1080x815.webp 1080w, https:\/\/rockthehouse.net\/web\/wp-content\/uploads\/2025\/01\/ed-sheeran-cradle-of-filth-2022-600x453.webp 600w\" sizes=\"(max-width: 1200px) 100vw, 1200px\" \/><\/figure>\n\n\n\n<p>En diciembre de 2022, Filth comparti\u00f3 una fotograf\u00eda en redes sociales junto a Sheeran y el productor Scott Atkins, sugiriendo que la colaboraci\u00f3n estaba en marcha. Posteriormente, en mayo de 2024, Filth describi\u00f3 la canci\u00f3n como una mezcla de los estilos de ambos artistas, destacando que, aunque mantiene elementos extremos caracter\u00edsticos de Cradle of Filth, tambi\u00e9n refleja la influencia de Sheeran.<\/p>\n\n\n\n<p>Finalmente, en enero de 2025, se anunci\u00f3 que la colaboraci\u00f3n se incluir\u00e1 en el pr\u00f3ximo \u00e1lbum de Cradle of Filth, titulado The Screaming of the Valkyries, con lanzamiento previsto para abril de 2025. Esta fusi\u00f3n inusual ha generado expectativas tanto en seguidores del metal como en fan\u00e1ticos del pop, anticipando una propuesta musical innovadora.<\/p>\n","protected":false},"excerpt":{"rendered":"<p>La banda de metal confirm\u00f3 la inclusi\u00f3n de la tan esperada canci\u00f3n en colaboraci\u00f3n con el cantante brit\u00e1nico en su nuevo trabajo discogr\u00e1fico. Desde 2021, la posibilidad de una colaboraci\u00f3n entre Cradle of Filth y Ed Sheeran ha captado la atenci\u00f3n de fan\u00e1ticos y medios. Ese a\u00f1o, Sheeran expres\u00f3 su inter\u00e9s en el metal extremo, [&hellip;]<\/p>\n","protected":false},"author":2,"featured_media":869,"comment_status":"open","ping_status":"open","sticky":false,"template":"","format":"standard","meta":{"_et_pb_use_builder":"off","_et_pb_old_content":"","_et_gb_content_width":"","_jetpack_memberships_contains_paid_content":false,"footnotes":""},"categories":[3],"tags":[],"class_list":["post-867","post","type-post","status-publish","format-standard","has-post-thumbnail","hentry","category-noticias","et-has-post-format-content","et_post_format-et-post-format-standard"],"jetpack_featured_media_url":"https:\/\/rockthehouse.net\/web\/wp-content\/uploads\/2025\/01\/DaniFilth_EdSheeran1.png","jetpack_sharing_enabled":true,"_links":{"self":[{"href":"https:\/\/rockthehouse.net\/web\/wp-json\/wp\/v2\/posts\/867","targetHints":{"allow":["GET"]}}],"collection":[{"href":"https:\/\/rockthehouse.net\/web\/wp-json\/wp\/v2\/posts"}],"about":[{"href":"https:\/\/rockthehouse.net\/web\/wp-json\/wp\/v2\/types\/post"}],"author":[{"embeddable":true,"href":"https:\/\/rockthehouse.net\/web\/wp-json\/wp\/v2\/users\/2"}],"replies":[{"embeddable":true,"href":"https:\/\/rockthehouse.net\/web\/wp-json\/wp\/v2\/comments?post=867"}],"version-history":[{"count":1,"href":"https:\/\/rockthehouse.net\/web\/wp-json\/wp\/v2\/posts\/867\/revisions"}],"predecessor-version":[{"id":870,"href":"https:\/\/rockthehouse.net\/web\/wp-json\/wp\/v2\/posts\/867\/revisions\/870"}],"wp:featuredmedia":[{"embeddable":true,"href":"https:\/\/rockthehouse.net\/web\/wp-json\/wp\/v2\/media\/869"}],"wp:attachment":[{"href":"https:\/\/rockthehouse.net\/web\/wp-json\/wp\/v2\/media?parent=867"}],"wp:term":[{"taxonomy":"category","embeddable":true,"href":"https:\/\/rockthehouse.net\/web\/wp-json\/wp\/v2\/categories?post=867"},{"taxonomy":"post_tag","embeddable":true,"href":"https:\/\/rockthehouse.net\/web\/wp-json\/wp\/v2\/tags?post=867"}],"curies":[{"name":"wp","href":"https:\/\/api.w.org\/{rel}","templated":true}]}}