{"id":873,"date":"2025-01-12T21:36:27","date_gmt":"2025-01-13T02:36:27","guid":{"rendered":"https:\/\/rockthehouse.net\/web\/?p=873"},"modified":"2025-01-13T08:51:14","modified_gmt":"2025-01-13T13:51:14","slug":"kiko-loureiro-invitado-especial-al-guitarfest-colombia-2025","status":"publish","type":"post","link":"https:\/\/rockthehouse.net\/web\/kiko-loureiro-invitado-especial-al-guitarfest-colombia-2025\/","title":{"rendered":"Kiko Loureiro, invitado especial al GuitarFest Colombia 2025"},"content":{"rendered":"\n<p style=\"font-size:16px;font-style:italic;font-weight:100\">Uno de los festivales m\u00e1s importantes para guitarristas en Latinoam\u00e9rica anuncia su primera versi\u00f3n en Colombia y realizar\u00e1 una convocatoria para encontrar el mejor guitarrista del pa\u00eds. Adem\u00e1s, los tres finalistas abrir\u00e1n el espect\u00e1culo de Kiko Loureiro, quien ofrecer\u00e1 un concierto exclusivo en la final del evento. <\/p>\n\n\n\n<p>Desde su creaci\u00f3n en Chile en 2007, el <strong>GuitarFest <\/strong>se ha posicionado como uno de los eventos m\u00e1s destacados para los guitarristas de Am\u00e9rica Latina. En 2025 el GuitarFest Colombia tendr\u00e1 su primera edici\u00f3n y se realizar\u00e1 una convocatoria a nivel nacional para descubrir y celebrar el talento de los guitarristas emergentes, brindando una oportunidad \u00fanica de exposici\u00f3n a j\u00f3venes m\u00fasicos.<\/p>\n\n\n\n<p>El evento no solo ha servido como trampol\u00edn para artistas en ascenso, sino que tambi\u00e9n ha fomentado la apreciaci\u00f3n de la guitarra con conciertos, talleres y competencias que re\u00fanen a m\u00fasicos y aficionados de todo el pa\u00eds. En su edici\u00f3n 2025, promete ser a\u00fan m\u00e1s impactante con un cierre a la altura de los grandes festivales internacionales.<\/p>\n\n\n\n<p>El <strong>GuitarFest Colombia 2025<\/strong> contar\u00e1 con <strong>Kiko Loureiro<\/strong> como invitado estelar. Este virtuoso guitarrista brasile\u00f1o es conocido por su impresionante dominio de la guitarra el\u00e9ctrica, capaz de fusionar el metal con la m\u00fasica cl\u00e1sica, el jazz y ritmos brasile\u00f1os.<\/p>\n\n\n\n<p>Loureiro inici\u00f3 su carrera con la influyente banda de power metal <strong>Angra<\/strong>, donde destac\u00f3 por su creatividad y t\u00e9cnica sobresaliente. Su carrera dio un salto monumental en 2015 cuando se uni\u00f3 a <strong>Megadeth<\/strong>, banda con la que gan\u00f3 un Grammy por el \u00e1lbum <em>Dystopia<\/em>. Sin embargo, en 2023 decidi\u00f3 dejar la banda para dedicar m\u00e1s tiempo a su familia y proyectos personales.<\/p>\n\n\n\n<figure class=\"wp-block-image size-full\"><img loading=\"lazy\" decoding=\"async\" width=\"1000\" height=\"563\" src=\"https:\/\/rockthehouse.net\/web\/wp-content\/uploads\/2025\/01\/megadeth_kiko_loureiro_2023.jpg\" alt=\"\" class=\"wp-image-875\" srcset=\"https:\/\/rockthehouse.net\/web\/wp-content\/uploads\/2025\/01\/megadeth_kiko_loureiro_2023.jpg 1000w, https:\/\/rockthehouse.net\/web\/wp-content\/uploads\/2025\/01\/megadeth_kiko_loureiro_2023-400x225.jpg 400w, https:\/\/rockthehouse.net\/web\/wp-content\/uploads\/2025\/01\/megadeth_kiko_loureiro_2023-80x45.jpg 80w, https:\/\/rockthehouse.net\/web\/wp-content\/uploads\/2025\/01\/megadeth_kiko_loureiro_2023-768x432.jpg 768w, https:\/\/rockthehouse.net\/web\/wp-content\/uploads\/2025\/01\/megadeth_kiko_loureiro_2023-600x338.jpg 600w\" sizes=\"(max-width: 1000px) 100vw, 1000px\" \/><\/figure>\n\n\n\n<p>La participaci\u00f3n de Kiko Loureiro en el festival es una oportunidad \u00fanica para el p\u00fablico y los finalistas, quienes compartir\u00e1n escenario con una figura de renombre mundial y fuente de inspiraci\u00f3n para guitarristas de todas las edades.<\/p>\n\n\n\n<p>La competencia est\u00e1 abierta a guitarristas de todo el pa\u00eds que deseen demostrar su talento. Este evento est\u00e1 dirigido a m\u00fasicos emergentes de hasta 35 a\u00f1os de edad, quienes podr\u00e1n inscribirse de manera gratuita y enviar un video con su composici\u00f3n propia para participar. Los participantes tendr\u00e1n la oportunidad de ser evaluados por un jurado de expertos de la industria musical, quienes seleccionar\u00e1n a los cinco mejores para competir en la gran final.<\/p>\n\n\n\n<p>El toque distintivo de esta edici\u00f3n es que los tres finalistas abrir\u00e1n el concierto de <strong>Kiko Loureiro<\/strong> en la noche de clausura del festival, siendo esta una oportunidad \u00fanica para proyectar sus carreras en un escenario con gran visibilidad y reconocimiento.<\/p>\n\n\n\n<h3 class=\"wp-block-heading\"><strong>Premios y bases de la competencia:<\/strong><\/h3>\n\n\n\n<p>El ganador se llevar\u00e1:<\/p>\n\n\n\n<ol class=\"wp-block-list\">\n<li><strong>Una guitarra el\u00e9ctrica.<\/strong><\/li>\n\n\n\n<li><strong>Un mill\u00f3n de pesos en efectivo.<\/strong><\/li>\n\n\n\n<li><strong>La grabaci\u00f3n de un sencillo en un estudio profesional.<\/strong><\/li>\n<\/ol>\n\n\n\n<p><strong>Inscripciones:<\/strong><\/p>\n\n\n\n<ul class=\"wp-block-list\">\n<li>Del 1 de febrero al 31 de marzo de 2025.<\/li>\n\n\n\n<li>Enviar un video interpretando un tema instrumental propio (m\u00e1x. 6 minutos) a trav\u00e9s de YouTube y compartir el enlace al correo <strong><a>contacto@oregonproducciones.com<\/a><\/strong> con sus datos personales completos (nombre, c\u00e9dula, direcci\u00f3n, tel\u00e9fono y t\u00edtulo de la obra).<\/li>\n<\/ul>\n\n\n\n<p>Los cinco finalistas se anunciar\u00e1n el <strong>5 de mayo de 2025<\/strong>, y los tres mejores competir\u00e1n en la gran final, que culminar\u00e1 con el concierto estelar de <strong>Kiko Loureiro<\/strong>.<\/p>\n\n\n\n<p>Para m\u00e1s informaci\u00f3n sobre el evento y actualizaciones, visita <strong><a href=\"https:\/\/guitarfest.com.co\">www.guitarfest.com.co<\/a><\/strong>.<\/p>\n","protected":false},"excerpt":{"rendered":"<p>Uno de los festivales m\u00e1s importantes para guitarristas en Latinoam\u00e9rica anuncia su primera versi\u00f3n en Colombia y realizar\u00e1 una convocatoria para encontrar el mejor guitarrista del pa\u00eds. Adem\u00e1s, los tres finalistas abrir\u00e1n el espect\u00e1culo de Kiko Loureiro, quien ofrecer\u00e1 un concierto exclusivo en la final del evento. Desde su creaci\u00f3n en Chile en 2007, el [&hellip;]<\/p>\n","protected":false},"author":2,"featured_media":874,"comment_status":"open","ping_status":"open","sticky":false,"template":"","format":"standard","meta":{"_et_pb_use_builder":"off","_et_pb_old_content":"","_et_gb_content_width":"","_jetpack_memberships_contains_paid_content":false,"footnotes":""},"categories":[15,3],"tags":[],"class_list":["post-873","post","type-post","status-publish","format-standard","has-post-thumbnail","hentry","category-eventos","category-noticias","et-has-post-format-content","et_post_format-et-post-format-standard"],"jetpack_featured_media_url":"https:\/\/rockthehouse.net\/web\/wp-content\/uploads\/2025\/01\/kiko-loureiro_gf2025.jpg","jetpack_sharing_enabled":true,"_links":{"self":[{"href":"https:\/\/rockthehouse.net\/web\/wp-json\/wp\/v2\/posts\/873","targetHints":{"allow":["GET"]}}],"collection":[{"href":"https:\/\/rockthehouse.net\/web\/wp-json\/wp\/v2\/posts"}],"about":[{"href":"https:\/\/rockthehouse.net\/web\/wp-json\/wp\/v2\/types\/post"}],"author":[{"embeddable":true,"href":"https:\/\/rockthehouse.net\/web\/wp-json\/wp\/v2\/users\/2"}],"replies":[{"embeddable":true,"href":"https:\/\/rockthehouse.net\/web\/wp-json\/wp\/v2\/comments?post=873"}],"version-history":[{"count":4,"href":"https:\/\/rockthehouse.net\/web\/wp-json\/wp\/v2\/posts\/873\/revisions"}],"predecessor-version":[{"id":881,"href":"https:\/\/rockthehouse.net\/web\/wp-json\/wp\/v2\/posts\/873\/revisions\/881"}],"wp:featuredmedia":[{"embeddable":true,"href":"https:\/\/rockthehouse.net\/web\/wp-json\/wp\/v2\/media\/874"}],"wp:attachment":[{"href":"https:\/\/rockthehouse.net\/web\/wp-json\/wp\/v2\/media?parent=873"}],"wp:term":[{"taxonomy":"category","embeddable":true,"href":"https:\/\/rockthehouse.net\/web\/wp-json\/wp\/v2\/categories?post=873"},{"taxonomy":"post_tag","embeddable":true,"href":"https:\/\/rockthehouse.net\/web\/wp-json\/wp\/v2\/tags?post=873"}],"curies":[{"name":"wp","href":"https:\/\/api.w.org\/{rel}","templated":true}]}}