{"id":898,"date":"2025-01-16T17:49:50","date_gmt":"2025-01-16T22:49:50","guid":{"rendered":"https:\/\/rockthehouse.net\/web\/?p=898"},"modified":"2025-01-16T17:49:52","modified_gmt":"2025-01-16T22:49:52","slug":"w-a-s-p-anuncia-gira-por-america-latina","status":"publish","type":"post","link":"https:\/\/rockthehouse.net\/web\/w-a-s-p-anuncia-gira-por-america-latina\/","title":{"rendered":"W.A.S.P. Anuncia Gira por Am\u00e9rica Latina"},"content":{"rendered":"\n<p><em>Entusiasmo entre sus fan\u00e1ticos del heavy metal desat\u00f3 el anuncio de la gira de W.A.S.P \u00b4por Am\u00e9rica Latina, este tour forma parte de la celebraci\u00f3n de su hist\u00f3rica carrera que ha dejado una marca imborrable en el mundo del metal.<\/em><\/p>\n\n\n\n<p>La banda estadounidense de heavy metal W.A.S.P. ha anunciado las fechas oficiales de su pr\u00f3xima gira por Am\u00e9rica Latina, que se llevar\u00e1 a cabo en la primera mitad de 2025 como parte de su tour de aniversario por los 40 a\u00f1os de trayectoria. El recorrido incluir\u00e1 presentaciones en M\u00e9xico, Colombia, Uruguay, Argentina, Chile y Brasil, donde los fan\u00e1ticos podr\u00e1n disfrutar de un repertorio que abarca los temas m\u00e1s representativos de su carrera.<\/p>\n\n\n\n<p>La producci\u00f3n promete ser una experiencia visual y sonora a la altura de su legendario legado. Seg\u00fan declaraciones recientes de Blackie Lawless, l\u00edder y fundador de la banda, este tour ser\u00e1 un homenaje a los fan\u00e1ticos que han apoyado a W.A.S.P. durante d\u00e9cadas. \u00ab<em>Latinoam\u00e9rica siempre ha sido un lugar especial para nosotros. La pasi\u00f3n y la energ\u00eda de los fans aqu\u00ed son incomparables. Queremos devolverles todo ese amor con un show que jam\u00e1s olvidar\u00e1n<\/em>\u00ab, afirm\u00f3.<\/p>\n\n\n\n<p>Las fechas y ciudades para la gira por Am\u00e9rica Latina son las siguientes:<\/p>\n\n\n\n<ul class=\"wp-block-list\">\n<li><strong>Ciudad de M\u00e9xico, M\u00e9xico:<\/strong> 1 de marzo de 2025.<\/li>\n\n\n\n<li><strong>Bogot\u00e1, Colombia:<\/strong> 27 de abril de 2025.<\/li>\n\n\n\n<li><strong>Montevideo, Uruguay:<\/strong> 29 de abril de 2025.<\/li>\n\n\n\n<li><strong>Buenos Aires, Argentina:<\/strong> 30 de abril de 2025.<\/li>\n\n\n\n<li><strong>Santiago, Chile:<\/strong> 1 y 2 de mayo de 2025.<\/li>\n\n\n\n<li><strong>Sao Paulo, Brasil:<\/strong> 3 y 4 de mayo de 2025.<\/li>\n<\/ul>\n\n\n\n<figure class=\"wp-block-image size-full is-resized\"><img loading=\"lazy\" decoding=\"async\" width=\"640\" height=\"989\" src=\"https:\/\/rockthehouse.net\/web\/wp-content\/uploads\/2025\/01\/WASP_Cartel.jpg\" alt=\"\" class=\"wp-image-899\" style=\"width:988px;height:auto\" srcset=\"https:\/\/rockthehouse.net\/web\/wp-content\/uploads\/2025\/01\/WASP_Cartel.jpg 640w, https:\/\/rockthehouse.net\/web\/wp-content\/uploads\/2025\/01\/WASP_Cartel-146x225.jpg 146w, https:\/\/rockthehouse.net\/web\/wp-content\/uploads\/2025\/01\/WASP_Cartel-29x45.jpg 29w, https:\/\/rockthehouse.net\/web\/wp-content\/uploads\/2025\/01\/WASP_Cartel-600x927.jpg 600w\" sizes=\"(max-width: 640px) 100vw, 640px\" \/><\/figure>\n","protected":false},"excerpt":{"rendered":"<p>Entusiasmo entre sus fan\u00e1ticos del heavy metal desat\u00f3 el anuncio de la gira de W.A.S.P \u00b4por Am\u00e9rica Latina, este tour forma parte de la celebraci\u00f3n de su hist\u00f3rica carrera que ha dejado una marca imborrable en el mundo del metal. La banda estadounidense de heavy metal W.A.S.P. ha anunciado las fechas oficiales de su pr\u00f3xima [&hellip;]<\/p>\n","protected":false},"author":2,"featured_media":901,"comment_status":"open","ping_status":"open","sticky":false,"template":"","format":"standard","meta":{"_et_pb_use_builder":"off","_et_pb_old_content":"","_et_gb_content_width":"","_jetpack_memberships_contains_paid_content":false,"footnotes":""},"categories":[15,3],"tags":[],"class_list":["post-898","post","type-post","status-publish","format-standard","has-post-thumbnail","hentry","category-eventos","category-noticias","et-has-post-format-content","et_post_format-et-post-format-standard"],"jetpack_featured_media_url":"https:\/\/rockthehouse.net\/web\/wp-content\/uploads\/2025\/01\/wasp_Blackie2.jpg","jetpack_sharing_enabled":true,"_links":{"self":[{"href":"https:\/\/rockthehouse.net\/web\/wp-json\/wp\/v2\/posts\/898","targetHints":{"allow":["GET"]}}],"collection":[{"href":"https:\/\/rockthehouse.net\/web\/wp-json\/wp\/v2\/posts"}],"about":[{"href":"https:\/\/rockthehouse.net\/web\/wp-json\/wp\/v2\/types\/post"}],"author":[{"embeddable":true,"href":"https:\/\/rockthehouse.net\/web\/wp-json\/wp\/v2\/users\/2"}],"replies":[{"embeddable":true,"href":"https:\/\/rockthehouse.net\/web\/wp-json\/wp\/v2\/comments?post=898"}],"version-history":[{"count":1,"href":"https:\/\/rockthehouse.net\/web\/wp-json\/wp\/v2\/posts\/898\/revisions"}],"predecessor-version":[{"id":902,"href":"https:\/\/rockthehouse.net\/web\/wp-json\/wp\/v2\/posts\/898\/revisions\/902"}],"wp:featuredmedia":[{"embeddable":true,"href":"https:\/\/rockthehouse.net\/web\/wp-json\/wp\/v2\/media\/901"}],"wp:attachment":[{"href":"https:\/\/rockthehouse.net\/web\/wp-json\/wp\/v2\/media?parent=898"}],"wp:term":[{"taxonomy":"category","embeddable":true,"href":"https:\/\/rockthehouse.net\/web\/wp-json\/wp\/v2\/categories?post=898"},{"taxonomy":"post_tag","embeddable":true,"href":"https:\/\/rockthehouse.net\/web\/wp-json\/wp\/v2\/tags?post=898"}],"curies":[{"name":"wp","href":"https:\/\/api.w.org\/{rel}","templated":true}]}}