{"id":933,"date":"2025-01-24T14:34:03","date_gmt":"2025-01-24T19:34:03","guid":{"rendered":"https:\/\/rockthehouse.net\/web\/?p=933"},"modified":"2025-01-24T14:42:47","modified_gmt":"2025-01-24T19:42:47","slug":"billy-idol-y-joan-jett","status":"publish","type":"post","link":"https:\/\/rockthehouse.net\/web\/billy-idol-y-joan-jett\/","title":{"rendered":"Billy Idol y Joan Jett anuncian la gira \u00abIt&#8217;s a Nice Day To&#8230; Tour Again\u00bb"},"content":{"rendered":"\n<p style=\"font-size:16px\"><em>El legendario cantante y la banda liderada por Joan Jett, han unido fuerzas para anunciar esta nueva gita que recorrer\u00e1 hasta el momento varias ciudades de Estados Unidos con 30 presentaciones, llevando a los escenarios el esp\u00edritu rebelde y atemporal del rock cl\u00e1sico y punk.<\/em><\/p>\n\n\n\n<p>Ambos artistas, pioneros y figuras esenciales en la historia del rock, prometen un espect\u00e1culo que har\u00e1 vibrar a generaciones. Billy Idol, conocido por \u00e9xitos como <strong>\u00abRebel Yell\u00bb<\/strong>, <strong>\u00abDancing with Myself\u00bb<\/strong> y <strong>\u00abWhite Wedding\u00bb<\/strong>, expres\u00f3 su emoci\u00f3n por compartir escenario con Joan Jett: <em>\u00abSalir de gira con alguien como Joan es un honor. Juntos vamos a encender los escenarios y a darle a los fans noches que nunca olvidar\u00e1n.\u00bb<\/em><\/p>\n\n\n\n<figure class=\"wp-block-embed is-type-video is-provider-youtube wp-block-embed-youtube wp-embed-aspect-16-9 wp-has-aspect-ratio\"><div class=\"wp-block-embed__wrapper\">\n<iframe loading=\"lazy\" title=\"Billy Idol - It&#039;s A Nice Day To...Tour Again!\" width=\"1080\" height=\"608\" src=\"https:\/\/www.youtube.com\/embed\/9mmD75yiQj4?feature=oembed\" frameborder=\"0\" allow=\"accelerometer; autoplay; clipboard-write; encrypted-media; gyroscope; picture-in-picture; web-share\" referrerpolicy=\"strict-origin-when-cross-origin\" allowfullscreen><\/iframe>\n<\/div><\/figure>\n\n\n\n<p>Por su parte, Joan Jett, junto a su emblem\u00e1tica banda <strong>The Blackhearts<\/strong>, traer\u00e1 su caracter\u00edstico sonido punk rock con cl\u00e1sicos como <strong>\u00abI Love Rock &#8216;n&#8217; Roll\u00bb<\/strong>, <strong>\u00abBad Reputation\u00bb<\/strong> y <strong>\u00abCrimson and Clover\u00bb<\/strong>. Joan coment\u00f3: <em>\u00abBilly y yo compartimos una pasi\u00f3n por el rock aut\u00e9ntico. Este tour ser\u00e1 una celebraci\u00f3n de la m\u00fasica y la energ\u00eda que nos mantiene vivos.\u00bb<\/em><\/p>\n\n\n\n<p>El <em>Rebel Hearts Tour<\/em> arrancar\u00e1 en mayo de 2025 en Los \u00c1ngeles, California, y visitar\u00e1 ciudades ic\u00f3nicas como Nueva York, Londres, Berl\u00edn, Madrid, y Ciudad de M\u00e9xico, con m\u00e1s fechas por confirmar. Seg\u00fan la producci\u00f3n, el espect\u00e1culo incluir\u00e1 una puesta en escena impactante y posibles colaboraciones sorpresa entre Billy Idol y Joan Jett &amp; The Blackhearts.<\/p>\n\n\n\n<p>Con la presencia de Joan Jett &amp; The Blackhearts, los fans pueden esperar no solo la poderosa energ\u00eda de la reina del punk rock, sino tambi\u00e9n la din\u00e1mica explosiva que ha hecho de esta banda un pilar del rock durante m\u00e1s de cuatro d\u00e9cadas. Al combinar su estilo con el ic\u00f3nico sonido de Billy Idol, esta gira promete ser un viaje musical sin precedentes.<\/p>\n\n\n\n<figure class=\"wp-block-image size-full is-resized\"><img loading=\"lazy\" decoding=\"async\" width=\"780\" height=\"520\" src=\"https:\/\/rockthehouse.net\/web\/wp-content\/uploads\/2025\/01\/IdolJett.webp\" alt=\"\" class=\"wp-image-936\" style=\"width:981px;height:auto\" srcset=\"https:\/\/rockthehouse.net\/web\/wp-content\/uploads\/2025\/01\/IdolJett.webp 780w, https:\/\/rockthehouse.net\/web\/wp-content\/uploads\/2025\/01\/IdolJett-338x225.webp 338w, https:\/\/rockthehouse.net\/web\/wp-content\/uploads\/2025\/01\/IdolJett-68x45.webp 68w, https:\/\/rockthehouse.net\/web\/wp-content\/uploads\/2025\/01\/IdolJett-768x512.webp 768w, https:\/\/rockthehouse.net\/web\/wp-content\/uploads\/2025\/01\/IdolJett-600x400.webp 600w\" sizes=\"(max-width: 780px) 100vw, 780px\" \/><\/figure>\n\n\n\n<p>Adem\u00e1s de la gira, Billy Idol tiene interesantes proyectos en el horizonte, incluido un nuevo \u00e1lbum que se publicar\u00e1 a finales de este a\u00f1o a trav\u00e9s de Dark Horse Records. Tambi\u00e9n acaba de estrenar Billy Idol: State Line, una pel\u00edcula que documenta su hist\u00f3rica actuaci\u00f3n en la presa Hoover. No te pierdas la oportunidad de ver en directo a dos iconos del rock: consigue ya tus entradas para la Gira 2025 de Billy Idol y prep\u00e1rate para el rock<\/p>\n\n\n\n<p><\/p>\n","protected":false},"excerpt":{"rendered":"<p>El legendario cantante y la banda liderada por Joan Jett, han unido fuerzas para anunciar esta nueva gita que recorrer\u00e1 hasta el momento varias ciudades de Estados Unidos con 30 presentaciones, llevando a los escenarios el esp\u00edritu rebelde y atemporal del rock cl\u00e1sico y punk. Ambos artistas, pioneros y figuras esenciales en la historia del [&hellip;]<\/p>\n","protected":false},"author":2,"featured_media":934,"comment_status":"open","ping_status":"open","sticky":false,"template":"","format":"standard","meta":{"_et_pb_use_builder":"off","_et_pb_old_content":"","_et_gb_content_width":"","_jetpack_memberships_contains_paid_content":false,"footnotes":""},"categories":[15,3],"tags":[],"class_list":["post-933","post","type-post","status-publish","format-standard","has-post-thumbnail","hentry","category-eventos","category-noticias","et-has-post-format-content","et_post_format-et-post-format-standard"],"jetpack_featured_media_url":"https:\/\/rockthehouse.net\/web\/wp-content\/uploads\/2025\/01\/billy-idol-tour-again-1014x487-1.jpg","jetpack_sharing_enabled":true,"_links":{"self":[{"href":"https:\/\/rockthehouse.net\/web\/wp-json\/wp\/v2\/posts\/933","targetHints":{"allow":["GET"]}}],"collection":[{"href":"https:\/\/rockthehouse.net\/web\/wp-json\/wp\/v2\/posts"}],"about":[{"href":"https:\/\/rockthehouse.net\/web\/wp-json\/wp\/v2\/types\/post"}],"author":[{"embeddable":true,"href":"https:\/\/rockthehouse.net\/web\/wp-json\/wp\/v2\/users\/2"}],"replies":[{"embeddable":true,"href":"https:\/\/rockthehouse.net\/web\/wp-json\/wp\/v2\/comments?post=933"}],"version-history":[{"count":6,"href":"https:\/\/rockthehouse.net\/web\/wp-json\/wp\/v2\/posts\/933\/revisions"}],"predecessor-version":[{"id":945,"href":"https:\/\/rockthehouse.net\/web\/wp-json\/wp\/v2\/posts\/933\/revisions\/945"}],"wp:featuredmedia":[{"embeddable":true,"href":"https:\/\/rockthehouse.net\/web\/wp-json\/wp\/v2\/media\/934"}],"wp:attachment":[{"href":"https:\/\/rockthehouse.net\/web\/wp-json\/wp\/v2\/media?parent=933"}],"wp:term":[{"taxonomy":"category","embeddable":true,"href":"https:\/\/rockthehouse.net\/web\/wp-json\/wp\/v2\/categories?post=933"},{"taxonomy":"post_tag","embeddable":true,"href":"https:\/\/rockthehouse.net\/web\/wp-json\/wp\/v2\/tags?post=933"}],"curies":[{"name":"wp","href":"https:\/\/api.w.org\/{rel}","templated":true}]}}