{"id":987,"date":"2025-02-04T20:05:57","date_gmt":"2025-02-05T01:05:57","guid":{"rendered":"https:\/\/rockthehouse.net\/web\/?p=987"},"modified":"2025-02-04T20:05:59","modified_gmt":"2025-02-05T01:05:59","slug":"europe-expande-su-gira-por-america-latina-en-2025","status":"publish","type":"post","link":"https:\/\/rockthehouse.net\/web\/europe-expande-su-gira-por-america-latina-en-2025\/","title":{"rendered":"Europe expande su gira por Am\u00e9rica Latina en 2025"},"content":{"rendered":"\n<p style=\"font-size:16px\"><em>La banda sueca Europe ha confirmado una serie de conciertos en Am\u00e9rica Latina, incluyendo presentaciones en Brasil, Paraguay, Chile, Argentina y la ya anunciada participaci\u00f3n en Monsters of Rock Colombia.<\/em><\/p>\n\n\n\n<p>El tour comenzar\u00e1 el 16 de abril en Brasilia, Brasil, en el Arena of Rock, seguido por una actuaci\u00f3n en S\u00e3o Paulo el 19 de abril en el festival Monsters of Rock. Posteriormente, la banda se presentar\u00e1 el 22 de abril en Asunci\u00f3n, Paraguay, en el Yacht &amp; Golf Club. El 24 de abril, Europe tocar\u00e1 en Santiago, Chile, en el Masters of Rock, y el 26 de abril en Buenos Aires, Argentina, tambi\u00e9n en el Masters of Rock. La gira latinoamericana culminar\u00e1 el 30 de abril en Bogot\u00e1, Colombia, en el festival Monsters of Rock.<\/p>\n\n\n\n<p>Recordemos que la banda fue formada en 1979 en Upplands V\u00e4sby, un suburbio de Estocolmo, por el vocalista Joey Tempest y el guitarrista John Norum. Alcanzaron fama internacional en la d\u00e9cada de 1980 con \u00e9xitos como \u00abThe Final Countdown\u00bb, \u00abRock the Night\u00bb y \u00abCarrie\u00bb. Tras una pausa en 1992, se reunieron en 2003 y desde entonces han lanzado varios \u00e1lbumes de estudio, incluyendo \u00abStart from the Dark\u00bb (2004), \u00abSecret Society\u00bb (2006), \u00abLast Look at Eden\u00bb (2009), \u00abBag of Bones\u00bb (2012), \u00abWar of Kings\u00bb (2015) y \u00abWalk the Earth\u00bb (2017). Su \u00e1lbum m\u00e1s reciente, \u00abWalk the Earth\u00bb, fue lanzado en octubre de 2017.<a href=\"https:\/\/en.wikipedia.org\/wiki\/Europe_%28band%29?utm_source=chatgpt.com\" target=\"_blank\" rel=\"noreferrer noopener\"><\/a><\/p>\n\n\n\n<figure class=\"wp-block-image size-large is-resized\"><img loading=\"lazy\" decoding=\"async\" width=\"864\" height=\"1080\" src=\"https:\/\/rockthehouse.net\/web\/wp-content\/uploads\/2025\/02\/Europe_2025-864x1080.jpg\" alt=\"\" class=\"wp-image-989\" style=\"width:1001px;height:auto\" srcset=\"https:\/\/rockthehouse.net\/web\/wp-content\/uploads\/2025\/02\/Europe_2025-864x1080.jpg 864w, https:\/\/rockthehouse.net\/web\/wp-content\/uploads\/2025\/02\/Europe_2025-180x225.jpg 180w, https:\/\/rockthehouse.net\/web\/wp-content\/uploads\/2025\/02\/Europe_2025-36x45.jpg 36w, https:\/\/rockthehouse.net\/web\/wp-content\/uploads\/2025\/02\/Europe_2025-768x960.jpg 768w, https:\/\/rockthehouse.net\/web\/wp-content\/uploads\/2025\/02\/Europe_2025-600x750.jpg 600w, https:\/\/rockthehouse.net\/web\/wp-content\/uploads\/2025\/02\/Europe_2025.jpg 1080w\" sizes=\"(max-width: 864px) 100vw, 864px\" \/><\/figure>\n\n\n\n<p>Estas fechas forman parte de una extensa gira que la banda realizar\u00e1 en 2025, la cual tambi\u00e9n incluye presentaciones en Europa durante los meses de mayo a agosto. Los fan\u00e1ticos latinoamericanos tendr\u00e1n la oportunidad de disfrutar en vivo de sus cl\u00e1sicos, as\u00ed como de nuevas interpretaciones que la banda ha preparado para esta gira.<\/p>\n\n\n\n<p>Las entradas estar\u00e1n disponibles a trav\u00e9s de los canales oficiales de venta en cada pa\u00eds. Se recomienda a los seguidores estar atentos a las actualizaciones en la p\u00e1gina oficial de la banda y en las redes sociales para obtener informaci\u00f3n detallada sobre la venta de boletos y posibles fechas adicionales.<\/p>\n\n\n\n<p>La visita de Europe a Am\u00e9rica Latina en 2025 promete ser un evento destacado para los amantes del rock en la regi\u00f3n, ofreciendo la oportunidad de revivir la energ\u00eda y el talento de una de las bandas m\u00e1s emblem\u00e1ticas del g\u00e9nero.<\/p>\n\n\n\n<p><a href=\"https:\/\/www.europetheband.com\/tour?utm_source=chatgpt.com\" target=\"_blank\" rel=\"noreferrer noopener\"><\/a><\/p>\n","protected":false},"excerpt":{"rendered":"<p>La banda sueca Europe ha confirmado una serie de conciertos en Am\u00e9rica Latina, incluyendo presentaciones en Brasil, Paraguay, Chile, Argentina y la ya anunciada participaci\u00f3n en Monsters of Rock Colombia. El tour comenzar\u00e1 el 16 de abril en Brasilia, Brasil, en el Arena of Rock, seguido por una actuaci\u00f3n en S\u00e3o Paulo el 19 de [&hellip;]<\/p>\n","protected":false},"author":2,"featured_media":988,"comment_status":"open","ping_status":"open","sticky":false,"template":"","format":"standard","meta":{"_et_pb_use_builder":"off","_et_pb_old_content":"","_et_gb_content_width":"","_jetpack_memberships_contains_paid_content":false,"footnotes":""},"categories":[15,3],"tags":[],"class_list":["post-987","post","type-post","status-publish","format-standard","has-post-thumbnail","hentry","category-eventos","category-noticias","et-has-post-format-content","et_post_format-et-post-format-standard"],"jetpack_featured_media_url":"https:\/\/rockthehouse.net\/web\/wp-content\/uploads\/2025\/02\/Europe-4.jpg","jetpack_sharing_enabled":true,"_links":{"self":[{"href":"https:\/\/rockthehouse.net\/web\/wp-json\/wp\/v2\/posts\/987","targetHints":{"allow":["GET"]}}],"collection":[{"href":"https:\/\/rockthehouse.net\/web\/wp-json\/wp\/v2\/posts"}],"about":[{"href":"https:\/\/rockthehouse.net\/web\/wp-json\/wp\/v2\/types\/post"}],"author":[{"embeddable":true,"href":"https:\/\/rockthehouse.net\/web\/wp-json\/wp\/v2\/users\/2"}],"replies":[{"embeddable":true,"href":"https:\/\/rockthehouse.net\/web\/wp-json\/wp\/v2\/comments?post=987"}],"version-history":[{"count":1,"href":"https:\/\/rockthehouse.net\/web\/wp-json\/wp\/v2\/posts\/987\/revisions"}],"predecessor-version":[{"id":990,"href":"https:\/\/rockthehouse.net\/web\/wp-json\/wp\/v2\/posts\/987\/revisions\/990"}],"wp:featuredmedia":[{"embeddable":true,"href":"https:\/\/rockthehouse.net\/web\/wp-json\/wp\/v2\/media\/988"}],"wp:attachment":[{"href":"https:\/\/rockthehouse.net\/web\/wp-json\/wp\/v2\/media?parent=987"}],"wp:term":[{"taxonomy":"category","embeddable":true,"href":"https:\/\/rockthehouse.net\/web\/wp-json\/wp\/v2\/categories?post=987"},{"taxonomy":"post_tag","embeddable":true,"href":"https:\/\/rockthehouse.net\/web\/wp-json\/wp\/v2\/tags?post=987"}],"curies":[{"name":"wp","href":"https:\/\/api.w.org\/{rel}","templated":true}]}}